{"dados":[{"titulo":"ANEXO VI DEMONSTRATIVO DA APLICA\u00c7\u00c3O DO RES\u00cdDUO","dataAtualizacao":"2026-02-27 10:02:16","data":null,"categoria":"Presta\u00e7\u00e3o de Contas 2015","descricao":"Presta&ccedil;&atilde;o de Contas 2015"},{"titulo":"FUNDO DE MANUTEN\u00c7\u00c3O E DESENVOLVIMENTO DA EDUCA\u00c7\u00c3O B\u00c1SICA E DE VALORIZA\u00c7\u00c3O DOS  PROFISSIONAIS DA EDU","dataAtualizacao":"2026-02-27 10:01:56","data":null,"categoria":"Presta\u00e7\u00e3o de Contas 2015","descricao":"Presta&ccedil;&atilde;o de Contas 2015"},{"titulo":"APLICA\u00c7\u00c3O NA MANUTEN\u00c7\u00c3O E DESENVOLVIMENTO DO ENSINO","dataAtualizacao":"2026-02-27 10:01:41","data":null,"categoria":"Presta\u00e7\u00e3o de Contas 2015","descricao":"Presta&ccedil;&atilde;o de Contas 2015"},{"titulo":"Demonstrativo da Aplica\u00e7\u00e3o nas A\u00e7\u00f5es e Servi\u00e7os P\u00fablicos de Sa\u00fade","dataAtualizacao":"2026-02-27 10:01:26","data":null,"categoria":"Presta\u00e7\u00e3o de Contas 2015","descricao":"Presta&ccedil;&atilde;o de Contas 2015"},{"titulo":"CONTROLE INTERNO DA PRESTA\u00c7\u00c3O DE CONTAS DO EXERC\u00cdCIO DE 2015DEMONSTRATIVO DA","dataAtualizacao":"2026-02-27 10:01:13","data":null,"categoria":"Presta\u00e7\u00e3o de Contas 2015","descricao":"Presta&ccedil;&atilde;o de Contas 2015"},{"titulo":"RELAT\u00d3RIO DO PARECER DA APLICA\u00c7\u00c3O DOS RECURSOS DO FUNDEB","dataAtualizacao":"2026-02-27 10:01:01","data":null,"categoria":"Presta\u00e7\u00e3o de Contas 2015","descricao":"Presta&ccedil;&atilde;o de Contas 2015"},{"titulo":"PRESTA\u00c7\u00c3O DE CONTAS ANUAL DO EXERC\u00cdCIO DE 2015","dataAtualizacao":"2026-02-27 10:00:45","data":null,"categoria":"Presta\u00e7\u00e3o de Contas 2015","descricao":"Presta&ccedil;&atilde;o de Contas 2015"},{"titulo":"NOTAS EXPLICATIVAS \u00c0S DEMONSTRA\u00c7\u00d5ES CONT\u00c1BEIS DA ADMINISTRA\u00c7\u00c3O DIRETA","dataAtualizacao":"2026-02-27 10:00:21","data":null,"categoria":"Presta\u00e7\u00e3o de Contas 2015","descricao":"Presta&ccedil;&atilde;o de Contas 2015"},{"titulo":"ANEXO I EMPENHADO ACUMULADO","dataAtualizacao":"2026-02-27 10:00:02","data":null,"categoria":"Presta\u00e7\u00e3o de Contas 2015","descricao":"Presta&ccedil;&atilde;o de Contas 2015"},{"titulo":"ANEXO XIV EMPENHADO ACUMULADO","dataAtualizacao":"2026-02-27 09:59:43","data":null,"categoria":"Presta\u00e7\u00e3o de Contas 2015","descricao":"Presta&ccedil;&atilde;o de Contas 2015"},{"titulo":"VARIA\u00c7\u00d5ES PATRIMONIAIS","dataAtualizacao":"2026-02-27 09:59:22","data":null,"categoria":"Presta\u00e7\u00e3o de Contas 2015","descricao":"Presta&ccedil;&atilde;o de Contas 2015"},{"titulo":"DESPESA POR FONTE DE RECURSO","dataAtualizacao":"2026-02-27 09:59:04","data":null,"categoria":"Presta\u00e7\u00e3o de Contas 2015","descricao":"Presta&ccedil;&atilde;o de Contas 2015"},{"titulo":"GASTOS COM PESSOAL EMPENHADO ACUMULADO","dataAtualizacao":"2026-02-27 09:58:51","data":null,"categoria":"Presta\u00e7\u00e3o de Contas 2015","descricao":""},{"titulo":"BALAN\u00c7O PATRIMONIAL","dataAtualizacao":"2026-02-27 09:58:33","data":null,"categoria":"Presta\u00e7\u00e3o de Contas 2015","descricao":"Presta&ccedil;&atilde;o de Contas 2015"},{"titulo":"BALAN\u00c7O OR\u00c7AMENT\u00c1RIO","dataAtualizacao":"2026-02-27 09:58:19","data":null,"categoria":"Presta\u00e7\u00e3o de Contas 2015","descricao":"Presta&ccedil;&atilde;o de Contas 2015"},{"titulo":"BALAN\u00c7O FINANCEIRO","dataAtualizacao":"2026-02-27 09:58:04","data":null,"categoria":"Presta\u00e7\u00e3o de Contas 2015","descricao":"Presta&ccedil;&atilde;o de Contas 2015"}]}